{"id":6507,"date":"2012-06-10T19:40:02","date_gmt":"2012-06-10T18:40:02","guid":{"rendered":"http:\/\/www.verzi-vici.com\/?p=6507"},"modified":"2012-06-10T19:40:02","modified_gmt":"2012-06-10T18:40:02","slug":"spremembe-po-volitvah","status":"publish","type":"post","link":"https:\/\/www.verzi-vici.com\/index.php\/spremembe-po-volitvah","title":{"rendered":"Spremembe po volitvah"},"content":{"rendered":"<p><span>Se sprehaja lisica po gozdu in vidi \u0161torkljo, ki leti &#8220;u rikverc&#8221;, pa jo vpra\u0161a: \u0161torklja, koji ti je k&#8230;, zakaj leti\u0161 u rikverc?<\/p>\n<p>\u0160torklja pravi: Po volitvah so se razmere spremenile in bolje se \u017eivi.<\/span><\/p>\n<p><span><!--more--><\/p>\n<p>Pa gre lisica naprej in vidi vrabca, ki leti &#8220;u rikverc&#8221; in ga vpra\u0161a: Kaj je s tabo, vrab\u010dek, zakaj leti\u0161 u rikverc, si ga preve\u010d popil? Ne, ji odgovori, volitve so bile in \u017eivimo bolje.<\/p>\n<p>Pa si misli lisica, grem pa \u0161e jaz &#8220;u rikverc&#8221;, mogo\u010de bo tudi meni bolje. Gre ona tako, to vidi zaj\u010dek in jo od zadaj nabri\u0161e.<\/p>\n<p>Lisica se vsa razo\u010darana vsede na panj in vidi orla, ki leti u rikverc: Orel, kaj ti je, da leti\u0161 tako \u010dudno?<\/p>\n<p>Pa volitve so bile in bolje se \u017eivi, ji pravi.<\/p>\n<p>Kako se \u017eivi bolje, probala sem, pa me je \u017ee zajec izkoristil. Ja, lisica, ne razume\u0161, spremembe so za nas zgoraj, ne za vas spodaj.\u00a0 Vi boste vedno ostali &#8220;jebena stranka&#8221;.<\/span><\/p>\n","protected":false},"excerpt":{"rendered":"<p>Se sprehaja lisica po gozdu in vidi \u0161torkljo, ki leti &#8220;u rikverc&#8221;, pa jo vpra\u0161a: \u0161torklja, koji ti je k&#8230;, zakaj leti\u0161 u rikverc? \u0160torklja pravi: Po volitvah so se razmere spremenile in bolje se \u017eivi.<\/p>\n","protected":false},"author":1,"featured_media":0,"comment_status":"open","ping_status":"open","sticky":false,"template":"","format":"standard","meta":{"footnotes":""},"categories":[48],"tags":[328,1079,4007],"class_list":["post-6507","post","type-post","status-publish","format-standard","hentry","category-politicni","tag-politicni-vici","tag-sale-politicne","tag-spremembe-po-volitvah"],"_links":{"self":[{"href":"https:\/\/www.verzi-vici.com\/index.php\/wp-json\/wp\/v2\/posts\/6507","targetHints":{"allow":["GET"]}}],"collection":[{"href":"https:\/\/www.verzi-vici.com\/index.php\/wp-json\/wp\/v2\/posts"}],"about":[{"href":"https:\/\/www.verzi-vici.com\/index.php\/wp-json\/wp\/v2\/types\/post"}],"author":[{"embeddable":true,"href":"https:\/\/www.verzi-vici.com\/index.php\/wp-json\/wp\/v2\/users\/1"}],"replies":[{"embeddable":true,"href":"https:\/\/www.verzi-vici.com\/index.php\/wp-json\/wp\/v2\/comments?post=6507"}],"version-history":[{"count":2,"href":"https:\/\/www.verzi-vici.com\/index.php\/wp-json\/wp\/v2\/posts\/6507\/revisions"}],"predecessor-version":[{"id":6509,"href":"https:\/\/www.verzi-vici.com\/index.php\/wp-json\/wp\/v2\/posts\/6507\/revisions\/6509"}],"wp:attachment":[{"href":"https:\/\/www.verzi-vici.com\/index.php\/wp-json\/wp\/v2\/media?parent=6507"}],"wp:term":[{"taxonomy":"category","embeddable":true,"href":"https:\/\/www.verzi-vici.com\/index.php\/wp-json\/wp\/v2\/categories?post=6507"},{"taxonomy":"post_tag","embeddable":true,"href":"https:\/\/www.verzi-vici.com\/index.php\/wp-json\/wp\/v2\/tags?post=6507"}],"curies":[{"name":"wp","href":"https:\/\/api.w.org\/{rel}","templated":true}]}}